{"id":1723,"date":"2025-12-25T07:03:22","date_gmt":"2025-12-25T07:03:22","guid":{"rendered":"https:\/\/ready4school.eu\/?p=1723"},"modified":"2025-12-25T07:03:37","modified_gmt":"2025-12-25T07:03:37","slug":"zavrsna-konferencija-u-ceskoj-republici","status":"publish","type":"post","link":"https:\/\/ready4school.eu\/?p=1723&lang=hr","title":{"rendered":"Zavr\u0161na konferencija u \u010ce\u0161koj Republici"},"content":{"rendered":"\t\t<div data-elementor-type=\"wp-post\" data-elementor-id=\"1723\" class=\"elementor elementor-1723\" data-elementor-post-type=\"post\">\n\t\t\t\t\t\t<section class=\"elementor-section elementor-top-section elementor-element elementor-element-b39f010 elementor-section-boxed elementor-section-height-default elementor-section-height-default jltma-glass-effect-no\" data-id=\"b39f010\" data-element_type=\"section\" data-e-type=\"section\">\n\t\t\t\t\t\t<div class=\"elementor-container elementor-column-gap-default\">\n\t\t\t\t\t<div class=\"elementor-column elementor-col-100 elementor-top-column elementor-element elementor-element-c8ffd09 jltma-glass-effect-no\" data-id=\"c8ffd09\" data-element_type=\"column\" data-e-type=\"column\">\n\t\t\t<div class=\"elementor-widget-wrap elementor-element-populated\">\n\t\t\t\t\t\t<div class=\"elementor-element elementor-element-0233905 jltma-glass-effect-no elementor-widget elementor-widget-text-editor\" data-id=\"0233905\" data-element_type=\"widget\" data-e-type=\"widget\" data-widget_type=\"text-editor.default\">\n\t\t\t\t<div class=\"elementor-widget-container\">\n\t\t\t\t\t\t\t\t\t<p>U sklopu projekta Ready4School odr\u017eana je zavr\u0161na konferencija u \u010ce\u0161koj Republici 10. listopada 2025. na Pedago\u0161kom fakultetu Sveu\u010dili\u0161ta Masaryk u Brnu, okupiv\u0161i 26 stru\u010dnjaka uklju\u010duju\u0107i odgojitelje, edukacijeske rehabilitatore i studente. Doga\u0111aj je predstavio rezultate dvogodi\u0161njeg me\u0111unarodnog partnerstva usmjerenog na podr\u0161ku spremnosti za \u0161kolu za djecu s poreme\u0107ajem iz autisti\u010dnog spektra putem strategija i alata temeljenih na ABA metodi. Sudionici su sudjelovali u prezentacijama u kojima su predstavljeni klju\u010dni rezultati projekta, uklju\u010duju\u0107i Alat za procjenu spremnosti za \u0161kolu i Obrazovni komplet, demonstracijama digitalnih alata za procjenu i mobilnih aplikacija te prakti\u010dnim radionicama gdje su sudionici izravno radili s materijalima iz kompleta za procjenu spremnosti i dijelili iskustva iz pilot testiranja. Program je obuhvatio bitne teme poput ABA principa, postupaka procjene i inkluzivnih obrazovnih praksi, a zavr\u0161io je panelom za raspravu o provedbi ovih resursa unutar nacionalnih obrazovnih sustava.<\/p>\t\t\t\t\t\t\t\t<\/div>\n\t\t\t\t<\/div>\n\t\t\t\t\t<\/div>\n\t\t<\/div>\n\t\t\t\t\t<\/div>\n\t\t<\/section>\n\t\t\t\t<\/div>\n\t\t","protected":false},"excerpt":{"rendered":"<p>U sklopu projekta Ready4School odr\u017eana je zavr\u0161na konferencija u \u010ce\u0161koj Republici 10. listopada 2025. na Pedago\u0161kom fakultetu Sveu\u010dili\u0161ta Masaryk u Brnu, okupiv\u0161i 26 stru\u010dnjaka uklju\u010duju\u0107i odgojitelje, edukacijeske rehabilitatore i studente. Doga\u0111aj je predstavio rezultate dvogodi\u0161njeg me\u0111unarodnog partnerstva usmjerenog na podr\u0161ku spremnosti za \u0161kolu za djecu s poreme\u0107ajem iz autisti\u010dnog spektra putem strategija i alata temeljenih [&hellip;]<\/p>\n","protected":false},"author":1,"featured_media":1698,"comment_status":"closed","ping_status":"open","sticky":false,"template":"","format":"standard","meta":{"footnotes":""},"categories":[37],"tags":[],"class_list":["post-1723","post","type-post","status-publish","format-standard","has-post-thumbnail","hentry","category-blog-hr"],"_links":{"self":[{"href":"https:\/\/ready4school.eu\/index.php?rest_route=\/wp\/v2\/posts\/1723","targetHints":{"allow":["GET"]}}],"collection":[{"href":"https:\/\/ready4school.eu\/index.php?rest_route=\/wp\/v2\/posts"}],"about":[{"href":"https:\/\/ready4school.eu\/index.php?rest_route=\/wp\/v2\/types\/post"}],"author":[{"embeddable":true,"href":"https:\/\/ready4school.eu\/index.php?rest_route=\/wp\/v2\/users\/1"}],"replies":[{"embeddable":true,"href":"https:\/\/ready4school.eu\/index.php?rest_route=%2Fwp%2Fv2%2Fcomments&post=1723"}],"version-history":[{"count":4,"href":"https:\/\/ready4school.eu\/index.php?rest_route=\/wp\/v2\/posts\/1723\/revisions"}],"predecessor-version":[{"id":1727,"href":"https:\/\/ready4school.eu\/index.php?rest_route=\/wp\/v2\/posts\/1723\/revisions\/1727"}],"wp:featuredmedia":[{"embeddable":true,"href":"https:\/\/ready4school.eu\/index.php?rest_route=\/wp\/v2\/media\/1698"}],"wp:attachment":[{"href":"https:\/\/ready4school.eu\/index.php?rest_route=%2Fwp%2Fv2%2Fmedia&parent=1723"}],"wp:term":[{"taxonomy":"category","embeddable":true,"href":"https:\/\/ready4school.eu\/index.php?rest_route=%2Fwp%2Fv2%2Fcategories&post=1723"},{"taxonomy":"post_tag","embeddable":true,"href":"https:\/\/ready4school.eu\/index.php?rest_route=%2Fwp%2Fv2%2Ftags&post=1723"}],"curies":[{"name":"wp","href":"https:\/\/api.w.org\/{rel}","templated":true}]}}