{"id":1702,"date":"2025-12-25T07:00:19","date_gmt":"2025-12-25T07:00:19","guid":{"rendered":"https:\/\/ready4school.eu\/?p=1702"},"modified":"2025-12-25T07:00:45","modified_gmt":"2025-12-25T07:00:45","slug":"multiplikacni-akce-v-ceske-republice","status":"publish","type":"post","link":"https:\/\/ready4school.eu\/?p=1702&lang=cs","title":{"rendered":"Multiplika\u010dn\u00ed akce v \u010cesk\u00e9 republice"},"content":{"rendered":"\t\t<div data-elementor-type=\"wp-post\" data-elementor-id=\"1702\" class=\"elementor elementor-1702\" data-elementor-post-type=\"post\">\n\t\t\t\t\t\t<section class=\"elementor-section elementor-top-section elementor-element elementor-element-b39f010 elementor-section-boxed elementor-section-height-default elementor-section-height-default jltma-glass-effect-no\" data-id=\"b39f010\" data-element_type=\"section\" data-e-type=\"section\">\n\t\t\t\t\t\t<div class=\"elementor-container elementor-column-gap-default\">\n\t\t\t\t\t<div class=\"elementor-column elementor-col-100 elementor-top-column elementor-element elementor-element-c8ffd09 jltma-glass-effect-no\" data-id=\"c8ffd09\" data-element_type=\"column\" data-e-type=\"column\">\n\t\t\t<div class=\"elementor-widget-wrap elementor-element-populated\">\n\t\t\t\t\t\t<div class=\"elementor-element elementor-element-0233905 jltma-glass-effect-no elementor-widget elementor-widget-text-editor\" data-id=\"0233905\" data-element_type=\"widget\" data-e-type=\"widget\" data-widget_type=\"text-editor.default\">\n\t\t\t\t<div class=\"elementor-widget-container\">\n\t\t\t\t\t\t\t\t\t<p>Dne 10. \u0159\u00edjna 2025 se na Pedagogick\u00e9 fakult\u011b Masarykovy univerzity v Brn\u011b uskute\u010dnilo multiplika\u010dn\u00ed setk\u00e1n\u00ed projektu Ready4School. Akce p\u0159il\u00e1kala 26 odborn\u00edk\u016f z oblasti vzd\u011bl\u00e1v\u00e1n\u00ed, v\u010detn\u011b pedagog\u016f mate\u0159sk\u00fdch \u0161kol, speci\u00e1ln\u00edch pedagog\u016f a student\u016f. \u00da\u010dastn\u00edci se se\u0161li na p\u011btihodinov\u00e9 konferenci zam\u011b\u0159en\u00e9 na p\u0159edstaven\u00ed a diskusi kl\u00ed\u010dov\u00fdch v\u00fdstup\u016f projektu.<\/p><p>Setk\u00e1n\u00ed nab\u00eddlo souhrn v\u00fdsledk\u016f dvoulet\u00e9ho mezin\u00e1rodn\u00edho partnerstv\u00ed, jeho\u017e c\u00edlem byla podpora \u0161koln\u00ed p\u0159ipravenosti d\u011bt\u00ed s poruchou autistick\u00e9ho spektra (PAS). V r\u00e1mci projektu byly vytvo\u0159eny strategie a n\u00e1stroje vych\u00e1zej\u00edc\u00ed z princip\u016f aplikovan\u00e9 behavior\u00e1ln\u00ed anal\u00fdzy (ABA), kter\u00e9 maj\u00ed usnadnit p\u0159echod d\u011bt\u00ed s PAS z mate\u0159sk\u00e9 do z\u00e1kladn\u00ed \u0161koly.<\/p><p>Odborn\u00fd program zahrnoval prezentace v\u011bnovan\u00e9 hlavn\u00edm v\u00fdstup\u016fm projektu, zejm\u00e9na N\u00e1stroji pro hodnocen\u00ed p\u0159ipravenosti na \u0161kolu a ucelen\u00e9 vzd\u011bl\u00e1vac\u00ed sad\u011b. \u00da\u010dastn\u00edci si rovn\u011b\u017e prohl\u00e9dli uk\u00e1zky digit\u00e1ln\u00edch hodnotic\u00edch n\u00e1stroj\u016f a mobiln\u00edch aplikac\u00ed. Sou\u010d\u00e1st\u00ed setk\u00e1n\u00ed byly i interaktivn\u00ed workshopy, b\u011bhem nich\u017e si mohli prakticky vyzkou\u0161et pr\u00e1ci s vytvo\u0159en\u00fdmi materi\u00e1ly a sd\u00edlet poznatky z pilotn\u00edho testov\u00e1n\u00ed.<\/p><p>Program se d\u00e1le v\u011bnoval kl\u00ed\u010dov\u00fdm t\u00e9mat\u016fm, jako jsou principy ABA, efektivn\u00ed postupy hodnocen\u00ed \u010di inkluzivn\u00ed vzd\u011bl\u00e1vac\u00ed p\u0159\u00edstupy. Setk\u00e1n\u00ed vyvrcholilo diskusn\u00edm panelem, kter\u00fd se zam\u011b\u0159il na p\u0159\u00edle\u017eitosti a v\u00fdzvy spojen\u00e9 s implementac\u00ed nov\u011b vytvo\u0159en\u00fdch vzd\u011bl\u00e1vac\u00edch n\u00e1stroj\u016f do n\u00e1rodn\u00edch vzd\u011bl\u00e1vac\u00edch syst\u00e9m\u016f.<\/p>\t\t\t\t\t\t\t\t<\/div>\n\t\t\t\t<\/div>\n\t\t\t\t\t<\/div>\n\t\t<\/div>\n\t\t\t\t\t<\/div>\n\t\t<\/section>\n\t\t\t\t<\/div>\n\t\t","protected":false},"excerpt":{"rendered":"<p>Dne 10. \u0159\u00edjna 2025 se na Pedagogick\u00e9 fakult\u011b Masarykovy univerzity v Brn\u011b uskute\u010dnilo multiplika\u010dn\u00ed setk\u00e1n\u00ed projektu Ready4School. Akce p\u0159il\u00e1kala 26 odborn\u00edk\u016f z oblasti vzd\u011bl\u00e1v\u00e1n\u00ed, v\u010detn\u011b pedagog\u016f mate\u0159sk\u00fdch \u0161kol, speci\u00e1ln\u00edch pedagog\u016f a student\u016f. \u00da\u010dastn\u00edci se se\u0161li na p\u011btihodinov\u00e9 konferenci zam\u011b\u0159en\u00e9 na p\u0159edstaven\u00ed a diskusi kl\u00ed\u010dov\u00fdch v\u00fdstup\u016f projektu. Setk\u00e1n\u00ed nab\u00eddlo souhrn v\u00fdsledk\u016f dvoulet\u00e9ho mezin\u00e1rodn\u00edho partnerstv\u00ed, jeho\u017e c\u00edlem [&hellip;]<\/p>\n","protected":false},"author":1,"featured_media":1698,"comment_status":"closed","ping_status":"open","sticky":false,"template":"","format":"standard","meta":{"footnotes":""},"categories":[43],"tags":[],"class_list":["post-1702","post","type-post","status-publish","format-standard","has-post-thumbnail","hentry","category-blog-cs"],"_links":{"self":[{"href":"https:\/\/ready4school.eu\/index.php?rest_route=\/wp\/v2\/posts\/1702","targetHints":{"allow":["GET"]}}],"collection":[{"href":"https:\/\/ready4school.eu\/index.php?rest_route=\/wp\/v2\/posts"}],"about":[{"href":"https:\/\/ready4school.eu\/index.php?rest_route=\/wp\/v2\/types\/post"}],"author":[{"embeddable":true,"href":"https:\/\/ready4school.eu\/index.php?rest_route=\/wp\/v2\/users\/1"}],"replies":[{"embeddable":true,"href":"https:\/\/ready4school.eu\/index.php?rest_route=%2Fwp%2Fv2%2Fcomments&post=1702"}],"version-history":[{"count":4,"href":"https:\/\/ready4school.eu\/index.php?rest_route=\/wp\/v2\/posts\/1702\/revisions"}],"predecessor-version":[{"id":1706,"href":"https:\/\/ready4school.eu\/index.php?rest_route=\/wp\/v2\/posts\/1702\/revisions\/1706"}],"wp:featuredmedia":[{"embeddable":true,"href":"https:\/\/ready4school.eu\/index.php?rest_route=\/wp\/v2\/media\/1698"}],"wp:attachment":[{"href":"https:\/\/ready4school.eu\/index.php?rest_route=%2Fwp%2Fv2%2Fmedia&parent=1702"}],"wp:term":[{"taxonomy":"category","embeddable":true,"href":"https:\/\/ready4school.eu\/index.php?rest_route=%2Fwp%2Fv2%2Fcategories&post=1702"},{"taxonomy":"post_tag","embeddable":true,"href":"https:\/\/ready4school.eu\/index.php?rest_route=%2Fwp%2Fv2%2Ftags&post=1702"}],"curies":[{"name":"wp","href":"https:\/\/api.w.org\/{rel}","templated":true}]}}