{"id":1562,"date":"2025-11-23T23:49:52","date_gmt":"2025-11-23T23:49:52","guid":{"rendered":"https:\/\/ready4school.eu\/?p=1562"},"modified":"2025-11-23T23:52:03","modified_gmt":"2025-11-23T23:52:03","slug":"local-training-in-ukraine-5","status":"publish","type":"post","link":"https:\/\/ready4school.eu\/?p=1562&lang=cs","title":{"rendered":"Local training in Ukraine"},"content":{"rendered":"\t\t<div data-elementor-type=\"wp-post\" data-elementor-id=\"1562\" class=\"elementor elementor-1562\" data-elementor-post-type=\"post\">\n\t\t\t\t\t\t<section class=\"elementor-section elementor-top-section elementor-element elementor-element-b39f010 elementor-section-boxed elementor-section-height-default elementor-section-height-default jltma-glass-effect-no\" data-id=\"b39f010\" data-element_type=\"section\" data-e-type=\"section\">\n\t\t\t\t\t\t<div class=\"elementor-container elementor-column-gap-default\">\n\t\t\t\t\t<div class=\"elementor-column elementor-col-100 elementor-top-column elementor-element elementor-element-c8ffd09 jltma-glass-effect-no\" data-id=\"c8ffd09\" data-element_type=\"column\" data-e-type=\"column\">\n\t\t\t<div class=\"elementor-widget-wrap elementor-element-populated\">\n\t\t\t\t\t\t<div class=\"elementor-element elementor-element-0233905 jltma-glass-effect-no elementor-widget elementor-widget-text-editor\" data-id=\"0233905\" data-element_type=\"widget\" data-e-type=\"widget\" data-widget_type=\"text-editor.default\">\n\t\t\t\t<div class=\"elementor-widget-container\">\n\t\t\t\t\t\t\t\t\t<p>Dne 29. srpna 2025 se v Od\u011bsk\u00e9 akademii dal\u0161\u00edho vzd\u011bl\u00e1v\u00e1n\u00ed p\u0159i Od\u011bsk\u00e9 oblastn\u00ed rad\u011b uskute\u010dnilo m\u00edstn\u00ed \u0161kolen\u00ed v r\u00e1mci mezin\u00e1rodn\u00edho projektu \u010d. 2023-1-CZ01KA220-SCH-000156079 <em>\u201eP\u0159\u00edprava d\u011bt\u00ed na \u0161kolu prost\u0159ednictv\u00edm p\u0159ed\u0161koln\u00edho programu zalo\u017een\u00e9ho na aplikovan\u00e9 behavior\u00e1ln\u00ed anal\u00fdze (ABA)\u201c<\/em>, kter\u00fd prob\u00edh\u00e1 s podporou programu Erasmus+ Evropsk\u00e9 unie. Projekt roz\u0161i\u0159uje mo\u017enosti u\u010ditel\u016f p\u0159i hodnocen\u00ed a napl\u0148ov\u00e1n\u00ed v\u00fdvojov\u00fdch pot\u0159eb d\u011bt\u00ed s poruchami autistick\u00e9ho spektra (PAS).<\/p><p>C\u00edlem \u0161kolen\u00ed bylo prohloubit znalosti pedagog\u016f o vyu\u017eit\u00ed princip\u016f ABA p\u0159i p\u0159\u00edprav\u011b d\u011bt\u00ed p\u0159ed\u0161koln\u00edho v\u011bku na vstup do \u0161koly a rozvinout jejich praktick\u00e9 dovednosti p\u0159i tvorb\u011b individu\u00e1ln\u00edch vzd\u011bl\u00e1vac\u00edch program\u016f, zam\u011b\u0159en\u00fdch na rozvoj kl\u00ed\u010dov\u00fdch kompetenc\u00ed budouc\u00edch prv\u0148\u00e1\u010dk\u016f s PAS.<\/p><p>\u00da\u010dastn\u00edci se sezn\u00e1mili s inovativn\u00ed a efektivn\u00ed vzd\u011bl\u00e1vac\u00ed sadou, kter\u00e1 vych\u00e1z\u00ed z princip\u016f ABA a je p\u0159izp\u016fsobena tak, aby ji mohli jednodu\u0161e vyu\u017e\u00edvat i pedagogov\u00e9 bez form\u00e1ln\u00ed p\u0159\u00edpravy v t\u00e9to metod\u011b.<\/p><p>\u0160kolen\u00ed prob\u00edhalo formou interaktivn\u00edch lekc\u00ed, kter\u00e9 zahrnovaly mini-p\u0159edn\u00e1\u0161ky, skupinov\u00e9 diskuse, anal\u00fdzy p\u0159\u00edpadov\u00fdch studi\u00ed, hran\u00ed rol\u00ed, praktick\u00e1 cvi\u010den\u00ed i modelov\u00e1n\u00ed vzd\u011bl\u00e1vac\u00edch situac\u00ed. Pedagogov\u00e9 si osvojili modern\u00ed metody posilov\u00e1n\u00ed, individualizace v\u00fduky a tvorby rozvojov\u00fdch pl\u00e1n\u016f pro d\u011bti s r\u016fzn\u00fdmi vzd\u011bl\u00e1vac\u00edmi pot\u0159ebami.<\/p><p>\u00da\u010dastn\u00edci z\u00edskali nejen nov\u00e9 teoretick\u00e9 poznatky, ale p\u0159edev\u0161\u00edm praktick\u00e9 n\u00e1stroje, kter\u00e9 jim pomohou podpo\u0159it budouc\u00ed prv\u0148\u00e1\u010dky p\u0159i jejich vstupu do \u0161koly. Ud\u00e1lost byla d\u016fle\u017eit\u00fdm krokem v profesn\u00edm rozvoji u\u010ditel\u016f, p\u0159isp\u011bla k \u0161\u00ed\u0159en\u00ed inkluzivn\u00edch a kompeten\u010dn\u011b orientovan\u00fdch p\u0159\u00edstup\u016f v p\u0159ed\u0161koln\u00edm vzd\u011bl\u00e1v\u00e1n\u00ed a pos\u00edlila metodick\u00e9 dovednosti pedagog\u016f v pr\u00e1ci s d\u011btmi s PAS.<\/p><p>Toto \u0161kolen\u00ed p\u0159edstavuje krok vp\u0159ed sm\u011brem ke kvalitn\u00edmu a inkluzivn\u00edmu p\u0159ed\u0161koln\u00edmu vzd\u011bl\u00e1v\u00e1n\u00ed v Od\u011bse i cel\u00e9 Ukrajin\u011b.<\/p>\t\t\t\t\t\t\t\t<\/div>\n\t\t\t\t<\/div>\n\t\t\t\t\t<\/div>\n\t\t<\/div>\n\t\t\t\t\t<\/div>\n\t\t<\/section>\n\t\t\t\t<section class=\"elementor-section elementor-top-section elementor-element elementor-element-624f929 elementor-section-boxed elementor-section-height-default elementor-section-height-default jltma-glass-effect-no\" data-id=\"624f929\" data-element_type=\"section\" data-e-type=\"section\">\n\t\t\t\t\t\t<div class=\"elementor-container elementor-column-gap-default\">\n\t\t\t\t\t<div class=\"elementor-column elementor-col-100 elementor-top-column elementor-element elementor-element-a7957b9 jltma-glass-effect-no\" data-id=\"a7957b9\" data-element_type=\"column\" data-e-type=\"column\">\n\t\t\t<div class=\"elementor-widget-wrap elementor-element-populated\">\n\t\t\t\t\t\t<div class=\"elementor-element elementor-element-6c73404 jltma-glass-effect-no elementor-widget elementor-widget-image\" data-id=\"6c73404\" data-element_type=\"widget\" data-e-type=\"widget\" data-widget_type=\"image.default\">\n\t\t\t\t<div class=\"elementor-widget-container\">\n\t\t\t\t\t\t\t\t\t\t\t\t\t\t\t<img fetchpriority=\"high\" decoding=\"async\" width=\"640\" height=\"361\" src=\"https:\/\/ready4school.eu\/wp-content\/uploads\/2025\/11\/ukr1.png\" class=\"attachment-large size-large wp-image-1554\" alt=\"\" srcset=\"https:\/\/ready4school.eu\/wp-content\/uploads\/2025\/11\/ukr1.png 974w, https:\/\/ready4school.eu\/wp-content\/uploads\/2025\/11\/ukr1-300x169.png 300w, https:\/\/ready4school.eu\/wp-content\/uploads\/2025\/11\/ukr1-768x434.png 768w\" sizes=\"(max-width: 640px) 100vw, 640px\" \/>\t\t\t\t\t\t\t\t\t\t\t\t\t\t\t<\/div>\n\t\t\t\t<\/div>\n\t\t\t\t<div class=\"elementor-element elementor-element-24116e1 jltma-glass-effect-no elementor-widget elementor-widget-image\" data-id=\"24116e1\" data-element_type=\"widget\" data-e-type=\"widget\" data-widget_type=\"image.default\">\n\t\t\t\t<div class=\"elementor-widget-container\">\n\t\t\t\t\t\t\t\t\t\t\t\t\t\t\t<img decoding=\"async\" width=\"640\" height=\"320\" src=\"https:\/\/ready4school.eu\/wp-content\/uploads\/2025\/11\/ukr2.png\" class=\"attachment-large size-large wp-image-1555\" alt=\"\" srcset=\"https:\/\/ready4school.eu\/wp-content\/uploads\/2025\/11\/ukr2.png 974w, https:\/\/ready4school.eu\/wp-content\/uploads\/2025\/11\/ukr2-300x150.png 300w, https:\/\/ready4school.eu\/wp-content\/uploads\/2025\/11\/ukr2-768x384.png 768w\" sizes=\"(max-width: 640px) 100vw, 640px\" \/>\t\t\t\t\t\t\t\t\t\t\t\t\t\t\t<\/div>\n\t\t\t\t<\/div>\n\t\t\t\t\t<\/div>\n\t\t<\/div>\n\t\t\t\t\t<\/div>\n\t\t<\/section>\n\t\t\t\t<\/div>\n\t\t","protected":false},"excerpt":{"rendered":"<p>Dne 29. srpna 2025 se v Od\u011bsk\u00e9 akademii dal\u0161\u00edho vzd\u011bl\u00e1v\u00e1n\u00ed p\u0159i Od\u011bsk\u00e9 oblastn\u00ed rad\u011b uskute\u010dnilo m\u00edstn\u00ed \u0161kolen\u00ed v r\u00e1mci mezin\u00e1rodn\u00edho projektu \u010d. 2023-1-CZ01KA220-SCH-000156079 \u201eP\u0159\u00edprava d\u011bt\u00ed na \u0161kolu prost\u0159ednictv\u00edm p\u0159ed\u0161koln\u00edho programu zalo\u017een\u00e9ho na aplikovan\u00e9 behavior\u00e1ln\u00ed anal\u00fdze (ABA)\u201c, kter\u00fd prob\u00edh\u00e1 s podporou programu Erasmus+ Evropsk\u00e9 unie. Projekt roz\u0161i\u0159uje mo\u017enosti u\u010ditel\u016f p\u0159i hodnocen\u00ed a napl\u0148ov\u00e1n\u00ed v\u00fdvojov\u00fdch pot\u0159eb d\u011bt\u00ed [&hellip;]<\/p>\n","protected":false},"author":1,"featured_media":1552,"comment_status":"open","ping_status":"open","sticky":false,"template":"","format":"standard","meta":{"footnotes":""},"categories":[43],"tags":[],"class_list":["post-1562","post","type-post","status-publish","format-standard","has-post-thumbnail","hentry","category-blog-cs"],"_links":{"self":[{"href":"https:\/\/ready4school.eu\/index.php?rest_route=\/wp\/v2\/posts\/1562","targetHints":{"allow":["GET"]}}],"collection":[{"href":"https:\/\/ready4school.eu\/index.php?rest_route=\/wp\/v2\/posts"}],"about":[{"href":"https:\/\/ready4school.eu\/index.php?rest_route=\/wp\/v2\/types\/post"}],"author":[{"embeddable":true,"href":"https:\/\/ready4school.eu\/index.php?rest_route=\/wp\/v2\/users\/1"}],"replies":[{"embeddable":true,"href":"https:\/\/ready4school.eu\/index.php?rest_route=%2Fwp%2Fv2%2Fcomments&post=1562"}],"version-history":[{"count":4,"href":"https:\/\/ready4school.eu\/index.php?rest_route=\/wp\/v2\/posts\/1562\/revisions"}],"predecessor-version":[{"id":1580,"href":"https:\/\/ready4school.eu\/index.php?rest_route=\/wp\/v2\/posts\/1562\/revisions\/1580"}],"wp:featuredmedia":[{"embeddable":true,"href":"https:\/\/ready4school.eu\/index.php?rest_route=\/wp\/v2\/media\/1552"}],"wp:attachment":[{"href":"https:\/\/ready4school.eu\/index.php?rest_route=%2Fwp%2Fv2%2Fmedia&parent=1562"}],"wp:term":[{"taxonomy":"category","embeddable":true,"href":"https:\/\/ready4school.eu\/index.php?rest_route=%2Fwp%2Fv2%2Fcategories&post=1562"},{"taxonomy":"post_tag","embeddable":true,"href":"https:\/\/ready4school.eu\/index.php?rest_route=%2Fwp%2Fv2%2Ftags&post=1562"}],"curies":[{"name":"wp","href":"https:\/\/api.w.org\/{rel}","templated":true}]}}