{"id":1529,"date":"2025-11-23T23:44:02","date_gmt":"2025-11-23T23:44:02","guid":{"rendered":"https:\/\/ready4school.eu\/?p=1529"},"modified":"2025-11-23T23:46:16","modified_gmt":"2025-11-23T23:46:16","slug":"local-training-in-czech-republic-5","status":"publish","type":"post","link":"https:\/\/ready4school.eu\/?p=1529&lang=cs","title":{"rendered":"Local training in Czech Republic"},"content":{"rendered":"\t\t<div data-elementor-type=\"wp-post\" data-elementor-id=\"1529\" class=\"elementor elementor-1529\" data-elementor-post-type=\"post\">\n\t\t\t\t\t\t<section class=\"elementor-section elementor-top-section elementor-element elementor-element-3376d2d elementor-section-boxed elementor-section-height-default elementor-section-height-default jltma-glass-effect-no\" data-id=\"3376d2d\" data-element_type=\"section\" data-e-type=\"section\">\n\t\t\t\t\t\t<div class=\"elementor-container elementor-column-gap-default\">\n\t\t\t\t\t<div class=\"elementor-column elementor-col-100 elementor-top-column elementor-element elementor-element-20e5414 jltma-glass-effect-no\" data-id=\"20e5414\" data-element_type=\"column\" data-e-type=\"column\">\n\t\t\t<div class=\"elementor-widget-wrap elementor-element-populated\">\n\t\t\t\t\t\t<div class=\"elementor-element elementor-element-f5bd12f jltma-glass-effect-no elementor-widget elementor-widget-text-editor\" data-id=\"f5bd12f\" data-element_type=\"widget\" data-e-type=\"widget\" data-widget_type=\"text-editor.default\">\n\t\t\t\t<div class=\"elementor-widget-container\">\n\t\t\t\t\t\t\t\t\t<p>BRNO, \u010cesk\u00e1 republika \u2013 Institut pro v\u00fdzkum inkluzivn\u00edho vzd\u011bl\u00e1v\u00e1n\u00ed Masarykovy univerzity \u00fasp\u011b\u0161n\u011b uspo\u0159\u00e1dal specializovan\u00e9 \u0161kolen\u00ed v r\u00e1mci projektu Ready4School, financovan\u00e9ho Evropskou uni\u00ed. Do programu se zapojilo 14 u\u010ditel\u016f mate\u0159sk\u00fdch \u0161kol a asistent\u016f pedagoga, kte\u0159\u00ed z\u00edskali ov\u011b\u0159en\u00e9 n\u00e1stroje a dovednosti pro podporu d\u011bt\u00ed s poruchou autistick\u00e9ho spektra (PAS) p\u0159i jejich p\u0159echodu do z\u00e1kladn\u00ed \u0161koly. \u0160kolen\u00ed m\u011blo stoprocentn\u00ed \u00fasp\u011b\u0161nost dokon\u010den\u00ed a \u00fa\u010dastn\u00edk\u016fm poskytlo jak teoretick\u00e9 znalosti, tak praktick\u00e9 zku\u0161enosti v oblasti podpory d\u011bt\u00ed s PAS a metod hodnocen\u00ed.<\/p><p>Hlavn\u00ed t\u00e9mata \u0161kolen\u00ed zahrnovala:<\/p><p>porozum\u011bn\u00ed autismu a princip\u016fm aplikovan\u00e9 behavior\u00e1ln\u00ed anal\u00fdzy (ABA), vyu\u017eit\u00ed komplexn\u00edho n\u00e1stroje pro hodnocen\u00ed \u0161koln\u00ed p\u0159ipravenosti, kter\u00fd posuzuje z\u00e1kladn\u00ed dovednosti, soci\u00e1ln\u00ed interakce a seberegulaci, v\u010detn\u011b<\/p><p>praktick\u00e9 pr\u00e1ce s digit\u00e1ln\u00ed hodnotic\u00ed aplikac\u00ed, \u00a0implementaci metodick\u00e9ho bal\u00ed\u010dku obsahuj\u00edc\u00edho 12 strukturovan\u00fdch v\u00fdukov\u00fdch pl\u00e1n\u016f s<\/p><p>diferencovan\u00fdmi strategiemi, interaktivn\u00ed modelov\u00e9 situace a n\u00e1cvik vyu\u017eit\u00ed hodnotic\u00edch a interven\u010dn\u00edch n\u00e1stroj\u016f v praxi.<\/p><p>\u0160kolen\u00ed kladlo d\u016fraz na rozhodov\u00e1n\u00ed zalo\u017een\u00e9 na datech a spolupracuj\u00edc\u00ed p\u0159\u00edstup.<\/p><p><strong>Projekt Ready4School (2023-1-CZ01-KA220-SCH000156079)<\/strong> vznikl na z\u00e1klad\u011b pot\u0159eb zji\u0161t\u011bn\u00fdch v \u0161esti partnersk\u00fdch zem\u00edch a reaguje na bari\u00e9ry, kter\u00fdm d\u011bti s autismem \u010del\u00ed p\u0159i n\u00e1stupu do z\u00e1kladn\u00edho vzd\u011bl\u00e1v\u00e1n\u00ed. \u010cesk\u00e1 verze \u0161kolen\u00ed tyto v\u00fdzvy p\u0159\u00edmo \u0159e\u0161ila prost\u0159ednictv\u00edm ov\u011b\u0159en\u00fdch interven\u010dn\u00edch metod a flexibiln\u00edch v\u00fdukov\u00fdch p\u0159\u00edstup\u016f.<\/p><p>V\u0161ichni \u00fa\u010dastn\u00edci obdr\u017eeli ofici\u00e1ln\u00ed certifik\u00e1ty potvrzuj\u00edc\u00ed jejich profesn\u00ed rozvoj v oblasti podpory \u0161koln\u00ed p\u0159ipravenosti d\u011bt\u00ed s PAS. \u00dasp\u011bch t\u00e9to akce dokl\u00e1d\u00e1 odhodl\u00e1n\u00ed \u010desk\u00fdch pedagog\u016f k inkluzivn\u00edm p\u0159\u00edstup\u016fm a podpo\u0159e vzd\u011bl\u00e1vac\u00edho \u00fasp\u011bchu v\u0161ech d\u011bt\u00ed.<\/p>\t\t\t\t\t\t\t\t<\/div>\n\t\t\t\t<\/div>\n\t\t\t\t\t<\/div>\n\t\t<\/div>\n\t\t\t\t\t<\/div>\n\t\t<\/section>\n\t\t\t\t<\/div>\n\t\t","protected":false},"excerpt":{"rendered":"<p>BRNO, \u010cesk\u00e1 republika \u2013 Institut pro v\u00fdzkum inkluzivn\u00edho vzd\u011bl\u00e1v\u00e1n\u00ed Masarykovy univerzity \u00fasp\u011b\u0161n\u011b uspo\u0159\u00e1dal specializovan\u00e9 \u0161kolen\u00ed v r\u00e1mci projektu Ready4School, financovan\u00e9ho Evropskou uni\u00ed. Do programu se zapojilo 14 u\u010ditel\u016f mate\u0159sk\u00fdch \u0161kol a asistent\u016f pedagoga, kte\u0159\u00ed z\u00edskali ov\u011b\u0159en\u00e9 n\u00e1stroje a dovednosti pro podporu d\u011bt\u00ed s poruchou autistick\u00e9ho spektra (PAS) p\u0159i jejich p\u0159echodu do z\u00e1kladn\u00ed \u0161koly. \u0160kolen\u00ed m\u011blo [&hellip;]<\/p>\n","protected":false},"author":1,"featured_media":1525,"comment_status":"open","ping_status":"open","sticky":false,"template":"","format":"standard","meta":{"footnotes":""},"categories":[43],"tags":[],"class_list":["post-1529","post","type-post","status-publish","format-standard","has-post-thumbnail","hentry","category-blog-cs"],"_links":{"self":[{"href":"https:\/\/ready4school.eu\/index.php?rest_route=\/wp\/v2\/posts\/1529","targetHints":{"allow":["GET"]}}],"collection":[{"href":"https:\/\/ready4school.eu\/index.php?rest_route=\/wp\/v2\/posts"}],"about":[{"href":"https:\/\/ready4school.eu\/index.php?rest_route=\/wp\/v2\/types\/post"}],"author":[{"embeddable":true,"href":"https:\/\/ready4school.eu\/index.php?rest_route=\/wp\/v2\/users\/1"}],"replies":[{"embeddable":true,"href":"https:\/\/ready4school.eu\/index.php?rest_route=%2Fwp%2Fv2%2Fcomments&post=1529"}],"version-history":[{"count":4,"href":"https:\/\/ready4school.eu\/index.php?rest_route=\/wp\/v2\/posts\/1529\/revisions"}],"predecessor-version":[{"id":1547,"href":"https:\/\/ready4school.eu\/index.php?rest_route=\/wp\/v2\/posts\/1529\/revisions\/1547"}],"wp:featuredmedia":[{"embeddable":true,"href":"https:\/\/ready4school.eu\/index.php?rest_route=\/wp\/v2\/media\/1525"}],"wp:attachment":[{"href":"https:\/\/ready4school.eu\/index.php?rest_route=%2Fwp%2Fv2%2Fmedia&parent=1529"}],"wp:term":[{"taxonomy":"category","embeddable":true,"href":"https:\/\/ready4school.eu\/index.php?rest_route=%2Fwp%2Fv2%2Fcategories&post=1529"},{"taxonomy":"post_tag","embeddable":true,"href":"https:\/\/ready4school.eu\/index.php?rest_route=%2Fwp%2Fv2%2Ftags&post=1529"}],"curies":[{"name":"wp","href":"https:\/\/api.w.org\/{rel}","templated":true}]}}