{"id":1310,"date":"2025-10-09T19:07:11","date_gmt":"2025-10-09T19:07:11","guid":{"rendered":"https:\/\/ready4school.eu\/?p=1310"},"modified":"2025-10-10T08:13:25","modified_gmt":"2025-10-10T08:13:25","slug":"podpora-pripravenosti-na-skoluprostrednictvim-predskolniho-programu","status":"publish","type":"post","link":"https:\/\/ready4school.eu\/?p=1310&lang=cs","title":{"rendered":"Podpora p\u0159ipravenosti na \u0161koluprost\u0159ednictv\u00edm p\u0159ed\u0161koln\u00edho programu"},"content":{"rendered":"\t\t<div data-elementor-type=\"wp-post\" data-elementor-id=\"1310\" class=\"elementor elementor-1310\" data-elementor-post-type=\"post\">\n\t\t\t\t\t\t<section class=\"elementor-section elementor-top-section elementor-element elementor-element-5aa42f2 elementor-section-boxed elementor-section-height-default elementor-section-height-default jltma-glass-effect-no\" data-id=\"5aa42f2\" data-element_type=\"section\" data-e-type=\"section\">\n\t\t\t\t\t\t<div class=\"elementor-container elementor-column-gap-default\">\n\t\t\t\t\t<div class=\"elementor-column elementor-col-100 elementor-top-column elementor-element elementor-element-c80e242 jltma-glass-effect-no\" data-id=\"c80e242\" data-element_type=\"column\" data-e-type=\"column\">\n\t\t\t<div class=\"elementor-widget-wrap elementor-element-populated\">\n\t\t\t\t\t\t<div class=\"elementor-element elementor-element-d418baa elementor-widget__width-initial jltma-glass-effect-no elementor-widget elementor-widget-heading\" data-id=\"d418baa\" data-element_type=\"widget\" data-e-type=\"widget\" data-widget_type=\"heading.default\">\n\t\t\t\t<div class=\"elementor-widget-container\">\n\t\t\t\t\t<h2 class=\"elementor-heading-title elementor-size-default\">Ready4School 2023-1-CZ01-KA220-SCH-000156079\nM\u00edsto kon\u00e1n\u00ed: Skopje, Severn\u00ed Makedonie\nTerm\u00edn: 9.\u201312. dubna 2025<\/h2>\t\t\t\t<\/div>\n\t\t\t\t<\/div>\n\t\t\t\t\t<\/div>\n\t\t<\/div>\n\t\t\t\t\t<\/div>\n\t\t<\/section>\n\t\t\t\t<section class=\"elementor-section elementor-top-section elementor-element elementor-element-6b8019f elementor-section-boxed elementor-section-height-default elementor-section-height-default jltma-glass-effect-no\" data-id=\"6b8019f\" data-element_type=\"section\" data-e-type=\"section\">\n\t\t\t\t\t\t<div class=\"elementor-container elementor-column-gap-default\">\n\t\t\t\t\t<div class=\"elementor-column elementor-col-100 elementor-top-column elementor-element elementor-element-1570bff jltma-glass-effect-no\" data-id=\"1570bff\" data-element_type=\"column\" data-e-type=\"column\">\n\t\t\t<div class=\"elementor-widget-wrap elementor-element-populated\">\n\t\t\t\t\t\t<div class=\"elementor-element elementor-element-2cc435d elementor-widget__width-inherit jltma-glass-effect-no elementor-widget elementor-widget-text-editor\" data-id=\"2cc435d\" data-element_type=\"widget\" data-e-type=\"widget\" data-widget_type=\"text-editor.default\">\n\t\t\t\t<div class=\"elementor-widget-container\">\n\t\t\t\t\t\t\t\t\t<p>V dubnu 2025 se ve Skopje uskute\u010dnil dvoudenn\u00ed workshop pro u\u010ditele v r\u00e1mci projektu Ready4School Erasmus+, financovan\u00e9ho Evropskou uni\u00ed. Setk\u00e1n\u00ed spojilo p\u0159ed\u0161koln\u00ed pedagogy a odborn\u00edky s c\u00edlem rozv\u00edjet jejich dovednosti p\u0159i podpo\u0159e d\u011bt\u00ed s poruchou autistick\u00e9ho spektra (PAS) v obdob\u00ed p\u0159echodu z mate\u0159sk\u00e9 do z\u00e1kladn\u00ed \u0161koly.<\/p>\n<p>P\u0159echod z p\u0159ed\u0161koln\u00edho do z\u00e1kladn\u00edho vzd\u011bl\u00e1v\u00e1n\u00ed m\u016f\u017ee b\u00fdt pro d\u011bti s PAS obzvl\u00e1\u0161\u0165 n\u00e1ro\u010dn\u00fd \u2013 vy\u017eaduje p\u0159izp\u016fsoben\u00ed se nov\u00e9 denn\u00ed rutin\u011b, nezn\u00e1m\u00e9mu prost\u0159ed\u00ed i odli\u0161n\u00fdm soci\u00e1ln\u00edm a vzd\u011bl\u00e1vac\u00edm n\u00e1rok\u016fm. Projekt Ready4School na tyto v\u00fdzvy reaguje nab\u00eddkou praktick\u00fdch strategi\u00ed a v\u011bdecky ov\u011b\u0159en\u00e9ho hodnotic\u00edho n\u00e1stroje, kter\u00fd pom\u00e1h\u00e1 m\u011b\u0159it m\u00edru p\u0159ipravenosti na \u0161kolu a uk\u00e1zat oblasti, kde je zapot\u0159eb\u00ed dal\u0161\u00ed podpory. \u0160kolen\u00ed nab\u00eddlo kombinaci teorie a praxe. \u00da\u010dastn\u00edci se v\u011bnovali zejm\u00e9na:<\/p>\n<p>\u2022 z\u00e1sad\u00e1m aplikovan\u00e9 behavior\u00e1ln\u00ed anal\u00fdzy (ABA) a hlub\u0161\u00edmu porozum\u011bn\u00ed autismu,<\/p>\n<p>\u2022 pou\u017e\u00edv\u00e1n\u00ed hodnotic\u00edho n\u00e1stroje Ready4School a mobiln\u00ed aplikace,<\/p>\n<p>\u2022 sb\u011bru a anal\u00fdze dat pro efektivn\u00ed veden\u00ed v\u00fduky,<\/p>\n<p>\u2022 n\u00e1cviku interven\u010dn\u00edch strategi\u00ed v modelov\u00fdch t\u0159\u00eddn\u00edch situac\u00edch,<\/p>\n<p>\u2022 p\u0159izp\u016fsobov\u00e1n\u00ed v\u00fdukov\u00fdch materi\u00e1l\u016f r\u016fzn\u00fdm vzd\u011bl\u00e1vac\u00edm pot\u0159eb\u00e1m.<\/p>\n<p>Sou\u010d\u00e1st\u00ed programu byla interaktivn\u00ed cvi\u010den\u00ed a skupinov\u00e9 aktivity, kter\u00e9 umo\u017enily okam\u017eitou aplikaci z\u00edskan\u00fdch poznatk\u016f v praxi. D\u016fraz byl kladen na pr\u00e1ci s daty a inkluzivn\u00ed p\u0159\u00edstupy k v\u00fduce. Pedagogov\u00e9 ocenili, \u017ee si z workshopu odnesli u\u017eite\u010dn\u00e9 znalosti i konkr\u00e9tn\u00ed dovednosti, kter\u00e9 mohou ihned vyu\u017e\u00edt ve sv\u00fdch t\u0159\u00edd\u00e1ch. Mnoz\u00ed vyj\u00e1d\u0159ili z\u00e1jem sd\u00edlet nov\u011b z\u00edskan\u00e9 materi\u00e1ly a aplikaci se sv\u00fdmi kolegy, \u010d\u00edm\u017e posiluj\u00ed model projektu orientovan\u00fd na \u0161kolen\u00ed \u0161kolitel\u016f. Na z\u00e1v\u011br v\u0161ichni \u00fa\u010dastn\u00edci obdr\u017eeli certifik\u00e1t o \u00fa\u010dasti, kter\u00fd potvrzuje jejich z\u00e1vazek k inkluzivn\u00edmu vzd\u011bl\u00e1v\u00e1n\u00ed a podpo\u0159e \u0161koln\u00ed p\u0159ipravenosti d\u011bt\u00ed s PAS.<\/p>\t\t\t\t\t\t\t\t<\/div>\n\t\t\t\t<\/div>\n\t\t\t\t\t<\/div>\n\t\t<\/div>\n\t\t\t\t\t<\/div>\n\t\t<\/section>\n\t\t\t\t<section class=\"elementor-section elementor-top-section elementor-element elementor-element-a2766fb elementor-section-boxed elementor-section-height-default elementor-section-height-default jltma-glass-effect-no\" data-id=\"a2766fb\" data-element_type=\"section\" data-e-type=\"section\">\n\t\t\t\t\t\t<div class=\"elementor-container elementor-column-gap-default\">\n\t\t\t\t\t<div class=\"elementor-column elementor-col-100 elementor-top-column elementor-element elementor-element-2f4783c jltma-glass-effect-no\" data-id=\"2f4783c\" data-element_type=\"column\" data-e-type=\"column\">\n\t\t\t<div class=\"elementor-widget-wrap elementor-element-populated\">\n\t\t\t\t\t\t<div class=\"elementor-element elementor-element-53d9d43 jltma-glass-effect-no elementor-widget elementor-widget-image\" data-id=\"53d9d43\" data-element_type=\"widget\" data-e-type=\"widget\" data-widget_type=\"image.default\">\n\t\t\t\t<div class=\"elementor-widget-container\">\n\t\t\t\t\t\t\t\t\t\t\t\t\t\t\t<img fetchpriority=\"high\" decoding=\"async\" width=\"640\" height=\"482\" src=\"https:\/\/ready4school.eu\/wp-content\/uploads\/2025\/10\/WhatsApp-Image-2025-04-11-at-11.19.54_870d2ae8-1-1024x771.jpg\" class=\"attachment-large size-large wp-image-1289\" alt=\"\" srcset=\"https:\/\/ready4school.eu\/wp-content\/uploads\/2025\/10\/WhatsApp-Image-2025-04-11-at-11.19.54_870d2ae8-1-1024x771.jpg 1024w, https:\/\/ready4school.eu\/wp-content\/uploads\/2025\/10\/WhatsApp-Image-2025-04-11-at-11.19.54_870d2ae8-1-300x226.jpg 300w, https:\/\/ready4school.eu\/wp-content\/uploads\/2025\/10\/WhatsApp-Image-2025-04-11-at-11.19.54_870d2ae8-1-768x578.jpg 768w, https:\/\/ready4school.eu\/wp-content\/uploads\/2025\/10\/WhatsApp-Image-2025-04-11-at-11.19.54_870d2ae8-1-1536x1157.jpg 1536w, https:\/\/ready4school.eu\/wp-content\/uploads\/2025\/10\/WhatsApp-Image-2025-04-11-at-11.19.54_870d2ae8-1.jpg 2040w\" sizes=\"(max-width: 640px) 100vw, 640px\" \/>\t\t\t\t\t\t\t\t\t\t\t\t\t\t\t<\/div>\n\t\t\t\t<\/div>\n\t\t\t\t\t<\/div>\n\t\t<\/div>\n\t\t\t\t\t<\/div>\n\t\t<\/section>\n\t\t\t\t<\/div>\n\t\t","protected":false},"excerpt":{"rendered":"<p>Ready4School 2023-1-CZ01-KA220-SCH-000156079 M\u00edsto kon\u00e1n\u00ed: Skopje, Severn\u00ed Makedonie Term\u00edn: 9.\u201312. dubna 2025 V dubnu 2025 se ve Skopje uskute\u010dnil dvoudenn\u00ed workshop pro u\u010ditele v r\u00e1mci projektu Ready4School Erasmus+, financovan\u00e9ho Evropskou uni\u00ed. Setk\u00e1n\u00ed spojilo p\u0159ed\u0161koln\u00ed pedagogy a odborn\u00edky s c\u00edlem rozv\u00edjet jejich dovednosti p\u0159i podpo\u0159e d\u011bt\u00ed s poruchou autistick\u00e9ho spektra (PAS) v obdob\u00ed p\u0159echodu z mate\u0159sk\u00e9 do [&hellip;]<\/p>\n","protected":false},"author":1,"featured_media":1362,"comment_status":"open","ping_status":"open","sticky":false,"template":"","format":"standard","meta":{"footnotes":""},"categories":[43],"tags":[],"class_list":["post-1310","post","type-post","status-publish","format-standard","has-post-thumbnail","hentry","category-blog-cs"],"_links":{"self":[{"href":"https:\/\/ready4school.eu\/index.php?rest_route=\/wp\/v2\/posts\/1310","targetHints":{"allow":["GET"]}}],"collection":[{"href":"https:\/\/ready4school.eu\/index.php?rest_route=\/wp\/v2\/posts"}],"about":[{"href":"https:\/\/ready4school.eu\/index.php?rest_route=\/wp\/v2\/types\/post"}],"author":[{"embeddable":true,"href":"https:\/\/ready4school.eu\/index.php?rest_route=\/wp\/v2\/users\/1"}],"replies":[{"embeddable":true,"href":"https:\/\/ready4school.eu\/index.php?rest_route=%2Fwp%2Fv2%2Fcomments&post=1310"}],"version-history":[{"count":10,"href":"https:\/\/ready4school.eu\/index.php?rest_route=\/wp\/v2\/posts\/1310\/revisions"}],"predecessor-version":[{"id":1320,"href":"https:\/\/ready4school.eu\/index.php?rest_route=\/wp\/v2\/posts\/1310\/revisions\/1320"}],"wp:featuredmedia":[{"embeddable":true,"href":"https:\/\/ready4school.eu\/index.php?rest_route=\/wp\/v2\/media\/1362"}],"wp:attachment":[{"href":"https:\/\/ready4school.eu\/index.php?rest_route=%2Fwp%2Fv2%2Fmedia&parent=1310"}],"wp:term":[{"taxonomy":"category","embeddable":true,"href":"https:\/\/ready4school.eu\/index.php?rest_route=%2Fwp%2Fv2%2Fcategories&post=1310"},{"taxonomy":"post_tag","embeddable":true,"href":"https:\/\/ready4school.eu\/index.php?rest_route=%2Fwp%2Fv2%2Ftags&post=1310"}],"curies":[{"name":"wp","href":"https:\/\/api.w.org\/{rel}","templated":true}]}}