{"id":1293,"date":"2025-10-09T19:03:14","date_gmt":"2025-10-09T19:03:14","guid":{"rendered":"https:\/\/ready4school.eu\/?p=1293"},"modified":"2025-10-10T08:12:37","modified_gmt":"2025-10-10T08:12:37","slug":"ready4school-2023-1-cz01-ka220-sch-000156079","status":"publish","type":"post","link":"https:\/\/ready4school.eu\/?p=1293&lang=hr","title":{"rendered":"Pou\u010davanje vje\u0161tinama spremnosti za \u0161kolu kori\u0161tenjem metoda bihevioralne analize"},"content":{"rendered":"\t\t<div data-elementor-type=\"wp-post\" data-elementor-id=\"1293\" class=\"elementor elementor-1293\" data-elementor-post-type=\"post\">\n\t\t\t\t\t\t<section class=\"elementor-section elementor-top-section elementor-element elementor-element-5aa42f2 elementor-section-boxed elementor-section-height-default elementor-section-height-default jltma-glass-effect-no\" data-id=\"5aa42f2\" data-element_type=\"section\" data-e-type=\"section\">\n\t\t\t\t\t\t<div class=\"elementor-container elementor-column-gap-default\">\n\t\t\t\t\t<div class=\"elementor-column elementor-col-100 elementor-top-column elementor-element elementor-element-c80e242 jltma-glass-effect-no\" data-id=\"c80e242\" data-element_type=\"column\" data-e-type=\"column\">\n\t\t\t<div class=\"elementor-widget-wrap elementor-element-populated\">\n\t\t\t\t\t\t<div class=\"elementor-element elementor-element-d418baa elementor-widget__width-initial jltma-glass-effect-no elementor-widget elementor-widget-heading\" data-id=\"d418baa\" data-element_type=\"widget\" data-e-type=\"widget\" data-widget_type=\"heading.default\">\n\t\t\t\t<div class=\"elementor-widget-container\">\n\t\t\t\t\t<h2 class=\"elementor-heading-title elementor-size-default\">Ready4School 2023-1-CZ01-KA220-SCH-000156079\nMjesto: Skoplje, Sjeverna Makedonija\nDatum: 18.6.2025.<\/h2>\t\t\t\t<\/div>\n\t\t\t\t<\/div>\n\t\t\t\t\t<\/div>\n\t\t<\/div>\n\t\t\t\t\t<\/div>\n\t\t<\/section>\n\t\t\t\t<section class=\"elementor-section elementor-top-section elementor-element elementor-element-6b8019f elementor-section-boxed elementor-section-height-default elementor-section-height-default jltma-glass-effect-no\" data-id=\"6b8019f\" data-element_type=\"section\" data-e-type=\"section\">\n\t\t\t\t\t\t<div class=\"elementor-container elementor-column-gap-default\">\n\t\t\t\t\t<div class=\"elementor-column elementor-col-100 elementor-top-column elementor-element elementor-element-1570bff jltma-glass-effect-no\" data-id=\"1570bff\" data-element_type=\"column\" data-e-type=\"column\">\n\t\t\t<div class=\"elementor-widget-wrap elementor-element-populated\">\n\t\t\t\t\t\t<div class=\"elementor-element elementor-element-2cc435d elementor-widget__width-inherit jltma-glass-effect-no elementor-widget elementor-widget-text-editor\" data-id=\"2cc435d\" data-element_type=\"widget\" data-e-type=\"widget\" data-widget_type=\"text-editor.default\">\n\t\t\t\t<div class=\"elementor-widget-container\">\n\t\t\t\t\t\t\t\t\t<p><span style=\"font-weight: 400;\">U travnju 2025. godine, Skoplje je bilo doma\u0107in dvodnevne radionice za osposobljavanje odgojitelja u sklopu projekta Ready4School Erasmus+ koji financira EU. Radionica je okupila odgojitelje i stru\u010dnjake kako bi unaprijedili svoje vje\u0161tine u podr\u0161ci djeci s poreme\u0107ajem iz spektra autizma (PSA) pri prelasku iz vrti\u0107a u osnovnu \u0161kolu.<\/span><\/p><p><span style=\"font-weight: 400;\">\u00a0<\/span><\/p><p><span style=\"font-weight: 400;\">Prelazak iz pred\u0161kolske u osnovno\u0161kolsko obrazovanje mo\u017ee biti posebno izazovan za djecu s PSA-om zbog promjena u dnevnim rutinama, nepoznatog okru\u017eenja te novih dru\u0161tvenih i akademskih o\u010dekivanja. Projekt Ready4School rje\u0161ava te izazove nude\u0107i odgojiteljima prakti\u010dne strategije i alat za procjenu vje\u0161tina spremnosti za \u0161kolu temeljen na dokazima te identificiranje podru\u010dja u kojima bi mogla biti potrebna dodatna podr\u0161ka.<\/span><\/p><p>\u00a0<\/p><p><span style=\"font-weight: 400;\">Obuka je pru\u017eila spoj teorijskog i prakti\u010dnog znanja, obuhva\u0107aju\u0107i:\u00a0<\/span><\/p><ul><li><span style=\"font-weight: 400;\"> Principe primijenjene analize pona\u0161anja (ABA) i razumijevanje autizma\u00a0<\/span><\/li><li><span style=\"font-weight: 400;\"> Kori\u0161tenje alata za procjenu Ready4School i mobilne aplikacije\u00a0<\/span><\/li><li><span style=\"font-weight: 400;\"> Prikupljanje i analizu podataka za usmjeravanje nastave\u00a0<\/span><\/li><li><span style=\"font-weight: 400;\"> Vje\u017ebanje strategija intervencije u u\u010dionicama\u00a0<\/span><\/li><li><span style=\"font-weight: 400;\"> Prilago\u0111avanje nastavnih materijala kako bi se zadovoljile razli\u010dite potrebe u\u010denja.\u00a0<\/span><\/li><\/ul><p>\u00a0<\/p><p><span style=\"font-weight: 400;\">Polaznici su sudjelovali u interaktivnim vje\u017ebama i suradni\u010dkim aktivnostima kako bi primijenili strategije u prakti\u010dnim kontekstima. Sesije su nagla\u0161avale dono\u0161enje odluka temeljenih na podacima i inkluzivne pristupe pou\u010davanju. Odgojitelji su izvijestili o stjecanju vrijednog znanja i prakti\u010dnih vje\u0161tina koje \u0107e odmah primijeniti u svojim skupinama. Mnogi su izrazili interes za dijeljenje resursa i aplikacije s kolegama, podr\u017eavaju\u0107i model projekta obuke trenera. Svi polaznici primili su potvrde o sudjelovanju, \u010dime se prepoznaje njihova predanost inkluzivnom obrazovanju i promicanju spremnosti za \u0161kolu za djecu s PSA-om.<\/span><\/p>\t\t\t\t\t\t\t\t<\/div>\n\t\t\t\t<\/div>\n\t\t\t\t\t<\/div>\n\t\t<\/div>\n\t\t\t\t\t<\/div>\n\t\t<\/section>\n\t\t\t\t<section class=\"elementor-section elementor-top-section elementor-element elementor-element-a2766fb elementor-section-boxed elementor-section-height-default elementor-section-height-default jltma-glass-effect-no\" data-id=\"a2766fb\" data-element_type=\"section\" data-e-type=\"section\">\n\t\t\t\t\t\t<div class=\"elementor-container elementor-column-gap-default\">\n\t\t\t\t\t<div class=\"elementor-column elementor-col-100 elementor-top-column elementor-element elementor-element-2f4783c jltma-glass-effect-no\" data-id=\"2f4783c\" data-element_type=\"column\" data-e-type=\"column\">\n\t\t\t<div class=\"elementor-widget-wrap elementor-element-populated\">\n\t\t\t\t\t\t<div class=\"elementor-element elementor-element-53d9d43 jltma-glass-effect-no elementor-widget elementor-widget-image\" data-id=\"53d9d43\" data-element_type=\"widget\" data-e-type=\"widget\" data-widget_type=\"image.default\">\n\t\t\t\t<div class=\"elementor-widget-container\">\n\t\t\t\t\t\t\t\t\t\t\t\t\t\t\t<img fetchpriority=\"high\" decoding=\"async\" width=\"640\" height=\"482\" src=\"https:\/\/ready4school.eu\/wp-content\/uploads\/2025\/10\/WhatsApp-Image-2025-04-11-at-11.19.54_870d2ae8-1-1024x771.jpg\" class=\"attachment-large size-large wp-image-1289\" alt=\"\" srcset=\"https:\/\/ready4school.eu\/wp-content\/uploads\/2025\/10\/WhatsApp-Image-2025-04-11-at-11.19.54_870d2ae8-1-1024x771.jpg 1024w, https:\/\/ready4school.eu\/wp-content\/uploads\/2025\/10\/WhatsApp-Image-2025-04-11-at-11.19.54_870d2ae8-1-300x226.jpg 300w, https:\/\/ready4school.eu\/wp-content\/uploads\/2025\/10\/WhatsApp-Image-2025-04-11-at-11.19.54_870d2ae8-1-768x578.jpg 768w, https:\/\/ready4school.eu\/wp-content\/uploads\/2025\/10\/WhatsApp-Image-2025-04-11-at-11.19.54_870d2ae8-1-1536x1157.jpg 1536w, https:\/\/ready4school.eu\/wp-content\/uploads\/2025\/10\/WhatsApp-Image-2025-04-11-at-11.19.54_870d2ae8-1.jpg 2040w\" sizes=\"(max-width: 640px) 100vw, 640px\" \/>\t\t\t\t\t\t\t\t\t\t\t\t\t\t\t<\/div>\n\t\t\t\t<\/div>\n\t\t\t\t\t<\/div>\n\t\t<\/div>\n\t\t\t\t\t<\/div>\n\t\t<\/section>\n\t\t\t\t<\/div>\n\t\t","protected":false},"excerpt":{"rendered":"<p>Ready4School 2023-1-CZ01-KA220-SCH-000156079 Mjesto: Skoplje, Sjeverna Makedonija Datum: 18.6.2025. U travnju 2025. godine, Skoplje je bilo doma\u0107in dvodnevne radionice za osposobljavanje odgojitelja u sklopu projekta Ready4School Erasmus+ koji financira EU. Radionica je okupila odgojitelje i stru\u010dnjake kako bi unaprijedili svoje vje\u0161tine u podr\u0161ci djeci s poreme\u0107ajem iz spektra autizma (PSA) pri prelasku iz vrti\u0107a u osnovnu [&hellip;]<\/p>\n","protected":false},"author":1,"featured_media":1360,"comment_status":"open","ping_status":"open","sticky":false,"template":"","format":"standard","meta":{"footnotes":""},"categories":[37],"tags":[],"class_list":["post-1293","post","type-post","status-publish","format-standard","has-post-thumbnail","hentry","category-blog-hr"],"_links":{"self":[{"href":"https:\/\/ready4school.eu\/index.php?rest_route=\/wp\/v2\/posts\/1293","targetHints":{"allow":["GET"]}}],"collection":[{"href":"https:\/\/ready4school.eu\/index.php?rest_route=\/wp\/v2\/posts"}],"about":[{"href":"https:\/\/ready4school.eu\/index.php?rest_route=\/wp\/v2\/types\/post"}],"author":[{"embeddable":true,"href":"https:\/\/ready4school.eu\/index.php?rest_route=\/wp\/v2\/users\/1"}],"replies":[{"embeddable":true,"href":"https:\/\/ready4school.eu\/index.php?rest_route=%2Fwp%2Fv2%2Fcomments&post=1293"}],"version-history":[{"count":8,"href":"https:\/\/ready4school.eu\/index.php?rest_route=\/wp\/v2\/posts\/1293\/revisions"}],"predecessor-version":[{"id":1301,"href":"https:\/\/ready4school.eu\/index.php?rest_route=\/wp\/v2\/posts\/1293\/revisions\/1301"}],"wp:featuredmedia":[{"embeddable":true,"href":"https:\/\/ready4school.eu\/index.php?rest_route=\/wp\/v2\/media\/1360"}],"wp:attachment":[{"href":"https:\/\/ready4school.eu\/index.php?rest_route=%2Fwp%2Fv2%2Fmedia&parent=1293"}],"wp:term":[{"taxonomy":"category","embeddable":true,"href":"https:\/\/ready4school.eu\/index.php?rest_route=%2Fwp%2Fv2%2Fcategories&post=1293"},{"taxonomy":"post_tag","embeddable":true,"href":"https:\/\/ready4school.eu\/index.php?rest_route=%2Fwp%2Fv2%2Ftags&post=1293"}],"curies":[{"name":"wp","href":"https:\/\/api.w.org\/{rel}","templated":true}]}}